{"id":775,"date":"2017-01-02T14:30:34","date_gmt":"2017-01-02T13:30:34","guid":{"rendered":"http:\/\/www.aringer-automobiltechnik.de\/?p=775"},"modified":"2021-04-15T10:27:59","modified_gmt":"2021-04-15T08:27:59","slug":"der-bau-hat-begonnen","status":"publish","type":"post","link":"https:\/\/www.aringer-automobiltechnik.de\/index.php\/2017\/01\/02\/der-bau-hat-begonnen\/","title":{"rendered":"Der Flugzeug &#8211; Bau beginnt &#8222;Empennage &#8211; Kit&#8220;"},"content":{"rendered":"<h2>Die 1. Bausatzlieferung im Dezember 2016<\/h2>\n<p style=\"text-align: left;\">Nach ca. 3 Wochen Lieferzeit kam der erste Bausatz: Der &#8222;Empennage-Kit&#8220;<\/p>\n<p style=\"text-align: left;\">Dies ist der Teil der RV-10 hinter dem Gep\u00e4ckraum, der hinteren Rumpfr\u00f6hre mit dem H\u00f6hen-, und schlu\u00dfendlich dem Seitenleitwerk.<\/p>\n<p style=\"text-align: left;\">Es ist somit der am leichtesten zu bauende Teil des ganzen Flugzeugs, wenn man den Gesamtaufwand betrachtet. Deshalb beginnt man damit und steigert nach und nach den Schwierigkeitsgrad mit jedem weiteren Bausatz-Abschnitt (insgesamt f\u00fcnf Einzelbaus\u00e4tze).<\/p>\n<p>Die Wartezeit hat sich auf jeden Fall gelohnt. Die Baus\u00e4tze der Firma <a href=\"https:\/\/www.vansaircraft.com\/\" target=\"_blank\" rel=\"noopener noreferrer\">Van\u00b4s Aircraft<\/a> sind weltweit f\u00fcr ihre gute Qualit\u00e4t bekannt!<\/p>\n<p>Achten muss man allerdings immer wieder auf Transportsch\u00e4den, denn es ist immerhin ein langer Weg von Oregon USA nach Herford. Durch die sehr gute und stabile Verpackung in massiven Holzkisten, reduziert <a href=\"https:\/\/www.vansaircraft.com\/\" target=\"_blank\" rel=\"noopener noreferrer\">Van\u00b4s Aircraft<\/a> die zu erwartenden Sch\u00e4den auf ein akzeptierbares Minimum.<\/p>\n<div id=\"attachment_1153\" style=\"width: 235px\" class=\"wp-caption alignleft\"><img data-recalc-dims=\"1\" loading=\"lazy\" decoding=\"async\" aria-describedby=\"caption-attachment-1153\" data-attachment-id=\"1153\" data-permalink=\"https:\/\/www.aringer-automobiltechnik.de\/index.php\/2017\/01\/02\/der-bau-hat-begonnen\/2016-12-22-12-30-20\/#main\" data-orig-file=\"https:\/\/i0.wp.com\/www.aringer-automobiltechnik.de\/wp-content\/uploads\/2019\/02\/2016-12-22-12.30.20.jpg?fit=450%2C600&amp;ssl=1\" data-orig-size=\"450,600\" data-comments-opened=\"0\" data-image-meta=\"{&quot;aperture&quot;:&quot;0&quot;,&quot;credit&quot;:&quot;&quot;,&quot;camera&quot;:&quot;&quot;,&quot;caption&quot;:&quot;&quot;,&quot;created_timestamp&quot;:&quot;0&quot;,&quot;copyright&quot;:&quot;&quot;,&quot;focal_length&quot;:&quot;0&quot;,&quot;iso&quot;:&quot;0&quot;,&quot;shutter_speed&quot;:&quot;0&quot;,&quot;title&quot;:&quot;&quot;,&quot;orientation&quot;:&quot;0&quot;}\" data-image-title=\"2016-12-22 12.30.20\" data-image-description=\"\" data-image-caption=\"&lt;p&gt;Spedition LKW mit Empennage Kit&lt;\/p&gt;\n\" data-large-file=\"https:\/\/i0.wp.com\/www.aringer-automobiltechnik.de\/wp-content\/uploads\/2019\/02\/2016-12-22-12.30.20.jpg?fit=450%2C600&amp;ssl=1\" class=\"wp-image-1153 size-medium\" title=\"LKW\" src=\"https:\/\/i0.wp.com\/www.aringer-automobiltechnik.de\/wp-content\/uploads\/2019\/02\/2016-12-22-12.30.20.jpg?resize=225%2C300&#038;ssl=1\" alt=\"LKW wird entladen\" width=\"225\" height=\"300\" srcset=\"https:\/\/i0.wp.com\/www.aringer-automobiltechnik.de\/wp-content\/uploads\/2019\/02\/2016-12-22-12.30.20.jpg?resize=225%2C300&amp;ssl=1 225w, https:\/\/i0.wp.com\/www.aringer-automobiltechnik.de\/wp-content\/uploads\/2019\/02\/2016-12-22-12.30.20.jpg?w=450&amp;ssl=1 450w\" sizes=\"auto, (max-width: 225px) 100vw, 225px\" \/><p id=\"caption-attachment-1153\" class=\"wp-caption-text\">Spedition LKW mit Empennage Kit<\/p><\/div>\n<div id=\"attachment_1154\" style=\"width: 235px\" class=\"wp-caption alignright\"><img data-recalc-dims=\"1\" loading=\"lazy\" decoding=\"async\" aria-describedby=\"caption-attachment-1154\" data-attachment-id=\"1154\" data-permalink=\"https:\/\/www.aringer-automobiltechnik.de\/index.php\/2017\/01\/02\/der-bau-hat-begonnen\/2016-12-22-12-54-14\/#main\" data-orig-file=\"https:\/\/i0.wp.com\/www.aringer-automobiltechnik.de\/wp-content\/uploads\/2019\/02\/2016-12-22-12.54.14.jpg?fit=450%2C600&amp;ssl=1\" data-orig-size=\"450,600\" data-comments-opened=\"0\" data-image-meta=\"{&quot;aperture&quot;:&quot;0&quot;,&quot;credit&quot;:&quot;&quot;,&quot;camera&quot;:&quot;&quot;,&quot;caption&quot;:&quot;&quot;,&quot;created_timestamp&quot;:&quot;0&quot;,&quot;copyright&quot;:&quot;&quot;,&quot;focal_length&quot;:&quot;0&quot;,&quot;iso&quot;:&quot;0&quot;,&quot;shutter_speed&quot;:&quot;0&quot;,&quot;title&quot;:&quot;&quot;,&quot;orientation&quot;:&quot;0&quot;}\" data-image-title=\"2016-12-22 12.54.14\" data-image-description=\"\" data-image-caption=\"&lt;p&gt;Crate ge\u00f6ffnete Holzkiste des Empennage Kit&lt;\/p&gt;\n\" data-large-file=\"https:\/\/i0.wp.com\/www.aringer-automobiltechnik.de\/wp-content\/uploads\/2019\/02\/2016-12-22-12.54.14.jpg?fit=450%2C600&amp;ssl=1\" class=\"wp-image-1154 size-medium\" title=\"Crate\" src=\"https:\/\/i0.wp.com\/www.aringer-automobiltechnik.de\/wp-content\/uploads\/2019\/02\/2016-12-22-12.54.14.jpg?resize=225%2C300&#038;ssl=1\" alt=\"Holzkiste ge\u00f6ffnet\" width=\"225\" height=\"300\" srcset=\"https:\/\/i0.wp.com\/www.aringer-automobiltechnik.de\/wp-content\/uploads\/2019\/02\/2016-12-22-12.54.14.jpg?resize=225%2C300&amp;ssl=1 225w, https:\/\/i0.wp.com\/www.aringer-automobiltechnik.de\/wp-content\/uploads\/2019\/02\/2016-12-22-12.54.14.jpg?w=450&amp;ssl=1 450w\" sizes=\"auto, (max-width: 225px) 100vw, 225px\" \/><p id=\"caption-attachment-1154\" class=\"wp-caption-text\">Crate ge\u00f6ffnete Holzkiste des Empennage Kit<\/p><\/div>\n<div id=\"attachment_1155\" style=\"width: 235px\" class=\"wp-caption aligncenter\"><img data-recalc-dims=\"1\" loading=\"lazy\" decoding=\"async\" aria-describedby=\"caption-attachment-1155\" data-attachment-id=\"1156\" data-permalink=\"https:\/\/www.aringer-automobiltechnik.de\/index.php\/2017\/01\/02\/der-bau-hat-begonnen\/2016-12-22-18-48-56\/#main\" data-orig-file=\"https:\/\/i0.wp.com\/www.aringer-automobiltechnik.de\/wp-content\/uploads\/2019\/02\/2016-12-22-18.48.56.jpg?fit=450%2C600&amp;ssl=1\" data-orig-size=\"450,600\" data-comments-opened=\"0\" data-image-meta=\"{&quot;aperture&quot;:&quot;0&quot;,&quot;credit&quot;:&quot;&quot;,&quot;camera&quot;:&quot;&quot;,&quot;caption&quot;:&quot;&quot;,&quot;created_timestamp&quot;:&quot;0&quot;,&quot;copyright&quot;:&quot;&quot;,&quot;focal_length&quot;:&quot;0&quot;,&quot;iso&quot;:&quot;0&quot;,&quot;shutter_speed&quot;:&quot;0&quot;,&quot;title&quot;:&quot;&quot;,&quot;orientation&quot;:&quot;0&quot;}\" data-image-title=\"2016-12-22 18.48.56\" data-image-description=\"\" data-image-caption=\"&lt;p&gt;Viele Teil m\u00f6chten gez\u00e4hlt und kontrolliert werden.&lt;\/p&gt;\n\" data-large-file=\"https:\/\/i0.wp.com\/www.aringer-automobiltechnik.de\/wp-content\/uploads\/2019\/02\/2016-12-22-18.48.56.jpg?fit=450%2C600&amp;ssl=1\" class=\"wp-image-1156 size-medium\" src=\"https:\/\/i0.wp.com\/www.aringer-automobiltechnik.de\/wp-content\/uploads\/2019\/02\/2016-12-22-18.48.56.jpg?resize=225%2C300&#038;ssl=1\" alt=\"Teile des Empennage Kit\" width=\"225\" height=\"300\" srcset=\"https:\/\/i0.wp.com\/www.aringer-automobiltechnik.de\/wp-content\/uploads\/2019\/02\/2016-12-22-18.48.56.jpg?resize=225%2C300&amp;ssl=1 225w, https:\/\/i0.wp.com\/www.aringer-automobiltechnik.de\/wp-content\/uploads\/2019\/02\/2016-12-22-18.48.56.jpg?w=450&amp;ssl=1 450w\" sizes=\"auto, (max-width: 225px) 100vw, 225px\" \/><p id=\"caption-attachment-1155\" class=\"wp-caption-text\">Viele Teil m\u00f6chten gez\u00e4hlt und kontrolliert werden.<\/p><\/div>\n<p><img data-recalc-dims=\"1\" loading=\"lazy\" decoding=\"async\" data-attachment-id=\"1155\" data-permalink=\"https:\/\/www.aringer-automobiltechnik.de\/index.php\/2017\/01\/02\/der-bau-hat-begonnen\/2016-12-22-18-48-49\/#main\" data-orig-file=\"https:\/\/i0.wp.com\/www.aringer-automobiltechnik.de\/wp-content\/uploads\/2019\/02\/2016-12-22-18.48.49.jpg?fit=800%2C600&amp;ssl=1\" data-orig-size=\"800,600\" data-comments-opened=\"0\" data-image-meta=\"{&quot;aperture&quot;:&quot;0&quot;,&quot;credit&quot;:&quot;&quot;,&quot;camera&quot;:&quot;&quot;,&quot;caption&quot;:&quot;&quot;,&quot;created_timestamp&quot;:&quot;0&quot;,&quot;copyright&quot;:&quot;&quot;,&quot;focal_length&quot;:&quot;0&quot;,&quot;iso&quot;:&quot;0&quot;,&quot;shutter_speed&quot;:&quot;0&quot;,&quot;title&quot;:&quot;&quot;,&quot;orientation&quot;:&quot;0&quot;}\" data-image-title=\"2016-12-22 18.48.49\" data-image-description=\"\" data-image-caption=\"&lt;p&gt;Inventur aller gelieferten Flugzeugteile&lt;\/p&gt;\n\" data-large-file=\"https:\/\/i0.wp.com\/www.aringer-automobiltechnik.de\/wp-content\/uploads\/2019\/02\/2016-12-22-18.48.49.jpg?fit=632%2C474&amp;ssl=1\" class=\"wp-image-1155\" src=\"https:\/\/i0.wp.com\/www.aringer-automobiltechnik.de\/wp-content\/uploads\/2019\/02\/2016-12-22-18.48.49.jpg?resize=632%2C474&#038;ssl=1\" alt=\"Inventur beginnt\" width=\"632\" height=\"474\" srcset=\"https:\/\/i0.wp.com\/www.aringer-automobiltechnik.de\/wp-content\/uploads\/2019\/02\/2016-12-22-18.48.49.jpg?w=800&amp;ssl=1 800w, https:\/\/i0.wp.com\/www.aringer-automobiltechnik.de\/wp-content\/uploads\/2019\/02\/2016-12-22-18.48.49.jpg?resize=300%2C225&amp;ssl=1 300w, https:\/\/i0.wp.com\/www.aringer-automobiltechnik.de\/wp-content\/uploads\/2019\/02\/2016-12-22-18.48.49.jpg?resize=768%2C576&amp;ssl=1 768w\" sizes=\"auto, (max-width: 632px) 100vw, 632px\" \/><\/p>\n<p>Es beginnt unweigerlich die Inventur aller gelieferten Flugzeugteile. Helfer sind bei der Menge der Komponenten stets willkommen (Ernst-Otto Rehm).<\/p>\n<p>Jedes Projekt beginnt damit, dass Rohmaterial geliefert wird. Nach der Anlieferung der Holzkiste wird als Vorbereitung des Baus stundenlang ausgepackt, gez\u00e4hlt und sortiert (Inventur).<\/p>\n<p>Freundliche Helfer sind stets willkommen sowie sehr beliebt, denn ganz alleine ist solch ein Projekt nicht realisierbar. Der Bausatzhersteller Van\u00b4s Aircraft hat sich damit viel M\u00fche gegeben, alle Teile mit kleinstem Packmass zu verschicken, wodurch die Transportkosten f\u00fcr den Kunden trotzdem noch im Rahmen bleiben sollen.<\/p>\n<div data-ved=\"0ahUKEwiHnIy48qvSAhXTKywKHXn2AWoQyxMIngEoADAW\" data-attrid=\"kc:\/aviation\/aircraft_model:wingspan\">\u00a0<\/div>\n<div data-ved=\"0ahUKEwiHnIy48qvSAhXTKywKHXn2AWoQyxMIngEoADAW\" data-attrid=\"kc:\/aviation\/aircraft_model:wingspan\">\u00a0<\/div>\n<div data-ved=\"0ahUKEwiHnIy48qvSAhXTKywKHXn2AWoQyxMIngEoADAW\" data-attrid=\"kc:\/aviation\/aircraft_model:wingspan\">\u00a0<\/div>\n<div data-ved=\"0ahUKEwiHnIy48qvSAhXTKywKHXn2AWoQyxMIngEoADAW\" data-attrid=\"kc:\/aviation\/aircraft_model:wingspan\">\u00a0<\/div>\n<div data-ved=\"0ahUKEwiHnIy48qvSAhXTKywKHXn2AWoQyxMIngEoADAW\" data-attrid=\"kc:\/aviation\/aircraft_model:wingspan\">\n<p>Technische Daten:<\/p>\n<div class=\"mod\" data-ved=\"0ahUKEwiHnIy48qvSAhXTKywKHXn2AWoQkCkIlAEoAjAT\" data-hveid=\"148\" data-md=\"1001\">\n<div class=\"_eFb\">\n<div class=\"_mr kno-fb-ctx\" data-ved=\"0ahUKEwiHnIy48qvSAhXTKywKHXn2AWoQyxMIlQEoADAT\" data-attrid=\"kc:\/aviation\/aircraft_model:weight\"><strong><span class=\"_xdb\" style=\"color: #000000;\"><a class=\"fl\" style=\"color: #000000;\" href=\"https:\/\/www.google.de\/search?client=safari&amp;rls=en&amp;biw=1440&amp;bih=839&amp;q=rv+10+gewicht&amp;stick=H4sIAAAAAAAAAOPgE-LUz9U3SLEwy0nXUspOttJPLMtMLMnMz9NPzCxKLkpMK4nPzU9JzbEqT81MzygBAFoXUD8xAAAA&amp;sa=X&amp;ved=0ahUKEwiHnIy48qvSAhXTKywKHXn2AWoQ6BMIlgEoADAT\" data-ved=\"0ahUKEwiHnIy48qvSAhXTKywKHXn2AWoQ6BMIlgEoADAT\">Gewicht<\/a><\/span><\/strong><span class=\"_xdb\">:\u00a0<\/span><span class=\"_Xbe kno-fv\">Leer 689\u00a0KG, Max. 1.225KG, davon ca. 170KG (240L) Kraftstoff<\/span><\/div>\n<\/div>\n<\/div>\n<div class=\"mod\" data-ved=\"0ahUKEwiHnIy48qvSAhXTKywKHXn2AWoQkCkIlwEoAzAU\" data-hveid=\"151\" data-md=\"1001\">\n<div class=\"_eFb\">\n<div class=\"_mr kno-fb-ctx\" data-ved=\"0ahUKEwiHnIy48qvSAhXTKywKHXn2AWoQyxMImAEoADAU\" data-attrid=\"kc:\/aviation\/aircraft_model:top speed\"><span class=\"_xdb\"><a class=\"fl\" href=\"https:\/\/www.google.de\/search?client=safari&amp;rls=en&amp;biw=1440&amp;bih=839&amp;q=rv+10+h%C3%B6chstgeschwindigkeit&amp;stick=H4sIAAAAAAAAAOPgE-LUz9U3SLEwy0nXUs1OttJPLMtMLMnMz9NPzCxKLkpMK4nPzU9JzbEqyS9QKC5ITU0BAG2blyo0AAAA&amp;sa=X&amp;ved=0ahUKEwiHnIy48qvSAhXTKywKHXn2AWoQ6BMImQEoADAU\" data-ved=\"0ahUKEwiHnIy48qvSAhXTKywKHXn2AWoQ6BMImQEoADAU\"><span style=\"color: #000000;\"><strong>H\u00f6chstgeschwindigkeit<\/strong><\/span><\/a><\/span><span class=\"_xdb\">:\u00a0<\/span><span class=\"_Xbe kno-fv\">370 KM\/H, Reisegeschwindigkeit 320 KM\/H<\/span><\/div>\n<\/div>\n<\/div>\n<div class=\"mod\" data-ved=\"0ahUKEwiHnIy48qvSAhXTKywKHXn2AWoQkCkImgEoBDAV\" data-hveid=\"154\" data-md=\"1001\">\n<div class=\"_eFb\">\n<div class=\"_mr kno-fb-ctx\" data-ved=\"0ahUKEwiHnIy48qvSAhXTKywKHXn2AWoQyxMImwEoADAV\" data-attrid=\"kc:\/aviation\/aircraft_model:range\"><span class=\"_xdb\"><a class=\"fl\" href=\"https:\/\/www.google.de\/search?client=safari&amp;rls=en&amp;biw=1440&amp;bih=839&amp;q=rv+10+reichweite&amp;stick=H4sIAAAAAAAAAOPgE-LUz9U3SLEwy0nXUsxOttJPLMtMLMnMz9NPzCxKLkpMK4nPzU9JzbEqSsxLTwUAsXaBuzAAAAA&amp;sa=X&amp;ved=0ahUKEwiHnIy48qvSAhXTKywKHXn2AWoQ6BMInAEoADAV\" data-ved=\"0ahUKEwiHnIy48qvSAhXTKywKHXn2AWoQ6BMInAEoADAV\"><span style=\"color: #000000;\"><strong>Reichweite<\/strong><\/span><\/a><\/span><span class=\"_xdb\">:\u00a0<\/span><span class=\"_Xbe kno-fv\">1.600\u00a0KM, ca. 5 Stunden plus Reserve<\/span><\/div>\n<div class=\"_mr kno-fb-ctx\" data-ved=\"0ahUKEwiHnIy48qvSAhXTKywKHXn2AWoQyxMImwEoADAV\" data-attrid=\"kc:\/aviation\/aircraft_model:range\"><span style=\"color: #000000;\"><strong><span class=\"_Xbe kno-fv\"><u>Verbrauch<\/u><\/span><\/strong><\/span><span class=\"_Xbe kno-fv\">: 14L\/100KM (weniger, als ein entsprechend schnelles Auto)<\/span><\/div>\n<\/div>\n<\/div>\n<div class=\"mod\" data-ved=\"0ahUKEwiHnIy48qvSAhXTKywKHXn2AWoQkCkInQEoBTAW\" data-hveid=\"157\" data-md=\"1001\">\n<div class=\"_eFb\">\n<div class=\"_mr kno-fb-ctx\" data-ved=\"0ahUKEwiHnIy48qvSAhXTKywKHXn2AWoQyxMIngEoADAW\" data-attrid=\"kc:\/aviation\/aircraft_model:wingspan\"><strong><span class=\"_xdb\" style=\"color: #000000;\"><a class=\"fl\" style=\"color: #000000;\" href=\"https:\/\/www.google.de\/search?client=safari&amp;rls=en&amp;biw=1440&amp;bih=839&amp;q=rv+10+spannweite&amp;stick=H4sIAAAAAAAAAOPgE-LUz9U3SLEwy0nXUslOttJPLMtMLMnMz9NPzCxKLkpMK4nPzU9JzbEqz8xLLy5IzAMAQVfEujMAAAA&amp;sa=X&amp;ved=0ahUKEwiHnIy48qvSAhXTKywKHXn2AWoQ6BMInwEoADAW\" data-ved=\"0ahUKEwiHnIy48qvSAhXTKywKHXn2AWoQ6BMInwEoADAW\">Spannweite<\/a><\/span><\/strong><span class=\"_xdb\">:\u00a0<\/span><span class=\"_Xbe kno-fv\">9,68\u00a0m<\/span><\/div>\n<div data-ved=\"0ahUKEwiHnIy48qvSAhXTKywKHXn2AWoQyxMIngEoADAW\" data-attrid=\"kc:\/aviation\/aircraft_model:wingspan\">\u00a0<\/div>\n<\/div>\n<div data-ved=\"0ahUKEwiHnIy48qvSAhXTKywKHXn2AWoQyxMIngEoADAW\" data-attrid=\"kc:\/aviation\/aircraft_model:wingspan\">Es gibt in der allgemeinen Luftfahrt kein vergleichbares Flugger\u00e4t, deshalb ist es ein zus\u00e4tzlicher Ansporn etwas besonderes entstehen zu sehen.<\/div>\n<\/div>\n<div data-ved=\"0ahUKEwiHnIy48qvSAhXTKywKHXn2AWoQyxMIngEoADAW\" data-attrid=\"kc:\/aviation\/aircraft_model:wingspan\">\u00a0<\/div>\n<div data-ved=\"0ahUKEwiHnIy48qvSAhXTKywKHXn2AWoQyxMIngEoADAW\" data-attrid=\"kc:\/aviation\/aircraft_model:wingspan\"><a href=\"https:\/\/www.aringer-automobiltechnik.de\/index.php\/2017\/01\/03\/start-am-seitenleitwerk\/\" target=\"_blank\" rel=\"noopener noreferrer\">Hier geht es zum n\u00e4chsten Beitrag<\/a><\/div>\n<\/div>\n<div data-ved=\"0ahUKEwiHnIy48qvSAhXTKywKHXn2AWoQyxMIngEoADAW\" data-attrid=\"kc:\/aviation\/aircraft_model:wingspan\">\u00a0<\/div>\n<div data-ved=\"0ahUKEwiHnIy48qvSAhXTKywKHXn2AWoQyxMIngEoADAW\" data-attrid=\"kc:\/aviation\/aircraft_model:wingspan\">\u00a0<\/div>\n<div data-ved=\"0ahUKEwiHnIy48qvSAhXTKywKHXn2AWoQyxMIngEoADAW\" data-attrid=\"kc:\/aviation\/aircraft_model:wingspan\">\u00a0<\/div>\n\n\n<p>Die Timeline bis jetzt:<\/p>\n\n\n\n<ol class=\"wp-block-list\"><li>Bausatz = Hinterer Rumpfteil (Tailcone) + H\u00f6hen- und Seitenleitwerke samt den Rudern<\/li><li>Bausatz = Tragfl\u00e4chen (Wings) mit Querrudern und Landeklappen sowie den beiden Tragfl\u00e4chen-Integraltanks<\/li><li>Bausatz = Rumpf (Fuselage). Der Teil, der hinter dem Brandschott (Firewall) bis zum Gep\u00e4ckraum geht. Da sitzen sp\u00e4ter auch die vier Insassen drin :o)<\/li><\/ol>\n\n\n\n<p>L\u00fccken in der hier ver\u00f6ffentlichen Timeline sind ganz einfach der Zeit geschuldet:<\/p>\n\n\n\n<ul class=\"wp-block-list\"><li>Ich verbringe die Hauptzeit mit dem Bau und der Baudokumentation f\u00fcr das Luftfahrt-Bundesamt (wird vom Bauherren zwingend gefordert).<\/li><\/ul>\n\n\n\n<p>Soweit es meine Zeit erlaubt, werde ich hier immer wieder neue Beitr\u00e4ge erstellen und erweitern. So k\u00f6nnen alle, die sich f\u00fcr das Projekt interessieren einen spannenden Einblick in den Flugzeugbau bekommen.<\/p>\n\n\n\n<p>Einzelne Baudetails findet man auch auf meinem Youtube-Channel: <\/p>\n\n\n\n<p><a href=\"https:\/\/studio.youtube.com\/channel\/UCilKJvCehL6BXWW19nmfpAQ\/videos\/upload?filter=%5B%5D&amp;sort=%7B%22columnType%22%3A%22date%22%2C%22sortOrder%22%3A%22DESCENDING%22%7D\">https:\/\/studio.youtube.com\/channel\/UCilKJvCehL6BXWW19nmfpAQ\/videos\/upload?filter=%5B%5D&amp;sort=%7B%22columnType%22%3A%22date%22%2C%22sortOrder%22%3A%22DESCENDING%22%7D<\/a><\/p>\n\n\n\n<p>&#8222;STAY TUNED&#8220;<\/p>\n","protected":false},"excerpt":{"rendered":"<p>Die 1. Bausatzlieferung im Dezember 2016 Nach ca. 3 Wochen Lieferzeit kam der erste Bausatz: Der &#8222;Empennage-Kit&#8220; Dies ist der Teil der RV-10 hinter dem Gep\u00e4ckraum, der hinteren Rumpfr\u00f6hre mit dem H\u00f6hen-, und schlu\u00dfendlich dem Seitenleitwerk. Es ist somit der am leichtesten zu bauende Teil des ganzen Flugzeugs, wenn man den Gesamtaufwand betrachtet. Deshalb beginnt [&hellip;]<\/p>\n","protected":false},"author":1003,"featured_media":0,"comment_status":"closed","ping_status":"open","sticky":false,"template":"","format":"standard","meta":{"_monsterinsights_skip_tracking":false,"_monsterinsights_sitenote_active":false,"_monsterinsights_sitenote_note":"","_monsterinsights_sitenote_category":0,"_jetpack_memberships_contains_paid_content":false,"footnotes":""},"categories":[8],"tags":[14,13,12,11,16,15],"class_list":["post-775","post","type-post","status-publish","format-standard","hentry","category-empennage","tag-aringer-automobiltechnik","tag-peter-aringer","tag-peters-rv-10","tag-rv-10","tag-sportflugzeug","tag-vans-aircraft","entry"],"yoast_head":"<!-- This site is optimized with the Yoast SEO plugin v27.5 - https:\/\/yoast.com\/product\/yoast-seo-wordpress\/ -->\n<title>Der Flugzeug - Bau beginnt &quot;Empennage - Kit&quot; &#8226; Aringer Automobiltechnik<\/title>\n<meta name=\"description\" content=\"RV-10, Peter Aringer, Van\u00b4s Aircraft, Aringer Automobiltechnik, Der Bau hat begonnen, Sportflugzeug, Experimentalflugzeug, Empennage-Kit, Baudokumentation\" \/>\n<meta name=\"robots\" content=\"index, follow, max-snippet:-1, max-image-preview:large, max-video-preview:-1\" \/>\n<link rel=\"canonical\" href=\"https:\/\/www.aringer-automobiltechnik.de\/index.php\/2017\/01\/02\/der-bau-hat-begonnen\/\" \/>\n<meta property=\"og:locale\" content=\"de_DE\" \/>\n<meta property=\"og:type\" content=\"article\" \/>\n<meta property=\"og:title\" content=\"Der Flugzeug - Bau beginnt &quot;Empennage - Kit&quot; &#8226; Aringer Automobiltechnik\" \/>\n<meta property=\"og:description\" content=\"RV-10, Peter Aringer, Van\u00b4s Aircraft, Aringer Automobiltechnik, Der Bau hat begonnen, Sportflugzeug, Experimentalflugzeug, Empennage-Kit, Baudokumentation\" \/>\n<meta property=\"og:url\" content=\"https:\/\/www.aringer-automobiltechnik.de\/index.php\/2017\/01\/02\/der-bau-hat-begonnen\/\" \/>\n<meta property=\"og:site_name\" content=\"Aringer Automobiltechnik\" \/>\n<meta property=\"article:publisher\" content=\"https:\/\/de-de.facebook.com\/AringerAuto\/\" \/>\n<meta property=\"article:published_time\" content=\"2017-01-02T13:30:34+00:00\" \/>\n<meta property=\"article:modified_time\" content=\"2021-04-15T08:27:59+00:00\" \/>\n<meta property=\"og:image\" content=\"https:\/\/www.aringer-automobiltechnik.de\/wp-content\/uploads\/2019\/02\/2016-12-22-12.30.20-225x300.jpg\" \/>\n<meta name=\"author\" content=\"Peter Aringer\" \/>\n<meta name=\"twitter:card\" content=\"summary_large_image\" \/>\n<meta name=\"twitter:label1\" content=\"Verfasst von\" \/>\n\t<meta name=\"twitter:data1\" content=\"Peter Aringer\" \/>\n\t<meta name=\"twitter:label2\" content=\"Gesch\u00e4tzte Lesezeit\" \/>\n\t<meta name=\"twitter:data2\" content=\"2\u00a0Minuten\" \/>\n<script type=\"application\/ld+json\" class=\"yoast-schema-graph\">{\"@context\":\"https:\\\/\\\/schema.org\",\"@graph\":[{\"@type\":\"Article\",\"@id\":\"https:\\\/\\\/www.aringer-automobiltechnik.de\\\/index.php\\\/2017\\\/01\\\/02\\\/der-bau-hat-begonnen\\\/#article\",\"isPartOf\":{\"@id\":\"https:\\\/\\\/www.aringer-automobiltechnik.de\\\/index.php\\\/2017\\\/01\\\/02\\\/der-bau-hat-begonnen\\\/\"},\"author\":{\"name\":\"Peter Aringer\",\"@id\":\"https:\\\/\\\/www.aringer-automobiltechnik.de\\\/#\\\/schema\\\/person\\\/86b881c30272f2f8f14a9b5a96028922\"},\"headline\":\"Der Flugzeug &#8211; Bau beginnt &#8222;Empennage &#8211; Kit&#8220;\",\"datePublished\":\"2017-01-02T13:30:34+00:00\",\"dateModified\":\"2021-04-15T08:27:59+00:00\",\"mainEntityOfPage\":{\"@id\":\"https:\\\/\\\/www.aringer-automobiltechnik.de\\\/index.php\\\/2017\\\/01\\\/02\\\/der-bau-hat-begonnen\\\/\"},\"wordCount\":505,\"image\":{\"@id\":\"https:\\\/\\\/www.aringer-automobiltechnik.de\\\/index.php\\\/2017\\\/01\\\/02\\\/der-bau-hat-begonnen\\\/#primaryimage\"},\"thumbnailUrl\":\"https:\\\/\\\/www.aringer-automobiltechnik.de\\\/wp-content\\\/uploads\\\/2019\\\/02\\\/2016-12-22-12.30.20-225x300.jpg\",\"keywords\":[\"Aringer Automobiltechnik\",\"Peter Aringer\",\"Peter\u02cbs RV-10\",\"RV-10\",\"Sportflugzeug\",\"Van\u02cbs Aircraft\"],\"articleSection\":[\"Empennage\"],\"inLanguage\":\"de\"},{\"@type\":\"WebPage\",\"@id\":\"https:\\\/\\\/www.aringer-automobiltechnik.de\\\/index.php\\\/2017\\\/01\\\/02\\\/der-bau-hat-begonnen\\\/\",\"url\":\"https:\\\/\\\/www.aringer-automobiltechnik.de\\\/index.php\\\/2017\\\/01\\\/02\\\/der-bau-hat-begonnen\\\/\",\"name\":\"Der Flugzeug - Bau beginnt \\\"Empennage - Kit\\\" &#8226; Aringer Automobiltechnik\",\"isPartOf\":{\"@id\":\"https:\\\/\\\/www.aringer-automobiltechnik.de\\\/#website\"},\"primaryImageOfPage\":{\"@id\":\"https:\\\/\\\/www.aringer-automobiltechnik.de\\\/index.php\\\/2017\\\/01\\\/02\\\/der-bau-hat-begonnen\\\/#primaryimage\"},\"image\":{\"@id\":\"https:\\\/\\\/www.aringer-automobiltechnik.de\\\/index.php\\\/2017\\\/01\\\/02\\\/der-bau-hat-begonnen\\\/#primaryimage\"},\"thumbnailUrl\":\"https:\\\/\\\/www.aringer-automobiltechnik.de\\\/wp-content\\\/uploads\\\/2019\\\/02\\\/2016-12-22-12.30.20-225x300.jpg\",\"datePublished\":\"2017-01-02T13:30:34+00:00\",\"dateModified\":\"2021-04-15T08:27:59+00:00\",\"author\":{\"@id\":\"https:\\\/\\\/www.aringer-automobiltechnik.de\\\/#\\\/schema\\\/person\\\/86b881c30272f2f8f14a9b5a96028922\"},\"description\":\"RV-10, Peter Aringer, Van\u00b4s Aircraft, Aringer Automobiltechnik, Der Bau hat begonnen, Sportflugzeug, Experimentalflugzeug, Empennage-Kit, Baudokumentation\",\"breadcrumb\":{\"@id\":\"https:\\\/\\\/www.aringer-automobiltechnik.de\\\/index.php\\\/2017\\\/01\\\/02\\\/der-bau-hat-begonnen\\\/#breadcrumb\"},\"inLanguage\":\"de\",\"potentialAction\":[{\"@type\":\"ReadAction\",\"target\":[\"https:\\\/\\\/www.aringer-automobiltechnik.de\\\/index.php\\\/2017\\\/01\\\/02\\\/der-bau-hat-begonnen\\\/\"]}]},{\"@type\":\"ImageObject\",\"inLanguage\":\"de\",\"@id\":\"https:\\\/\\\/www.aringer-automobiltechnik.de\\\/index.php\\\/2017\\\/01\\\/02\\\/der-bau-hat-begonnen\\\/#primaryimage\",\"url\":\"https:\\\/\\\/i0.wp.com\\\/www.aringer-automobiltechnik.de\\\/wp-content\\\/uploads\\\/2019\\\/02\\\/2016-12-22-12.30.20.jpg?fit=450%2C600&ssl=1\",\"contentUrl\":\"https:\\\/\\\/i0.wp.com\\\/www.aringer-automobiltechnik.de\\\/wp-content\\\/uploads\\\/2019\\\/02\\\/2016-12-22-12.30.20.jpg?fit=450%2C600&ssl=1\",\"width\":450,\"height\":600,\"caption\":\"Spedition LKW mit Empennage Kit\"},{\"@type\":\"BreadcrumbList\",\"@id\":\"https:\\\/\\\/www.aringer-automobiltechnik.de\\\/index.php\\\/2017\\\/01\\\/02\\\/der-bau-hat-begonnen\\\/#breadcrumb\",\"itemListElement\":[{\"@type\":\"ListItem\",\"position\":1,\"name\":\"Home\",\"item\":\"https:\\\/\\\/www.aringer-automobiltechnik.de\\\/\"},{\"@type\":\"ListItem\",\"position\":2,\"name\":\"Der Flugzeug &#8211; Bau beginnt &#8222;Empennage &#8211; Kit&#8220;\"}]},{\"@type\":\"WebSite\",\"@id\":\"https:\\\/\\\/www.aringer-automobiltechnik.de\\\/#website\",\"url\":\"https:\\\/\\\/www.aringer-automobiltechnik.de\\\/\",\"name\":\"Aringer Automobiltechnik\",\"description\":\"Die Autowerkstatt in Herford | NRW\",\"potentialAction\":[{\"@type\":\"SearchAction\",\"target\":{\"@type\":\"EntryPoint\",\"urlTemplate\":\"https:\\\/\\\/www.aringer-automobiltechnik.de\\\/?s={search_term_string}\"},\"query-input\":{\"@type\":\"PropertyValueSpecification\",\"valueRequired\":true,\"valueName\":\"search_term_string\"}}],\"inLanguage\":\"de\"},{\"@type\":\"Person\",\"@id\":\"https:\\\/\\\/www.aringer-automobiltechnik.de\\\/#\\\/schema\\\/person\\\/86b881c30272f2f8f14a9b5a96028922\",\"name\":\"Peter Aringer\",\"image\":{\"@type\":\"ImageObject\",\"inLanguage\":\"de\",\"@id\":\"https:\\\/\\\/secure.gravatar.com\\\/avatar\\\/72aedd67628ceb311bb047c4f30725ab2b25b443e0e42f12868a95170e5578e2?s=96&d=mm&r=g\",\"url\":\"https:\\\/\\\/secure.gravatar.com\\\/avatar\\\/72aedd67628ceb311bb047c4f30725ab2b25b443e0e42f12868a95170e5578e2?s=96&d=mm&r=g\",\"contentUrl\":\"https:\\\/\\\/secure.gravatar.com\\\/avatar\\\/72aedd67628ceb311bb047c4f30725ab2b25b443e0e42f12868a95170e5578e2?s=96&d=mm&r=g\",\"caption\":\"Peter Aringer\"},\"url\":\"https:\\\/\\\/www.aringer-automobiltechnik.de\\\/index.php\\\/author\\\/addimini\\\/\"}]}<\/script>\n<!-- \/ Yoast SEO plugin. -->","yoast_head_json":{"title":"Der Flugzeug - Bau beginnt \"Empennage - Kit\" &#8226; Aringer Automobiltechnik","description":"RV-10, Peter Aringer, Van\u00b4s Aircraft, Aringer Automobiltechnik, Der Bau hat begonnen, Sportflugzeug, Experimentalflugzeug, Empennage-Kit, Baudokumentation","robots":{"index":"index","follow":"follow","max-snippet":"max-snippet:-1","max-image-preview":"max-image-preview:large","max-video-preview":"max-video-preview:-1"},"canonical":"https:\/\/www.aringer-automobiltechnik.de\/index.php\/2017\/01\/02\/der-bau-hat-begonnen\/","og_locale":"de_DE","og_type":"article","og_title":"Der Flugzeug - Bau beginnt \"Empennage - Kit\" &#8226; Aringer Automobiltechnik","og_description":"RV-10, Peter Aringer, Van\u00b4s Aircraft, Aringer Automobiltechnik, Der Bau hat begonnen, Sportflugzeug, Experimentalflugzeug, Empennage-Kit, Baudokumentation","og_url":"https:\/\/www.aringer-automobiltechnik.de\/index.php\/2017\/01\/02\/der-bau-hat-begonnen\/","og_site_name":"Aringer Automobiltechnik","article_publisher":"https:\/\/de-de.facebook.com\/AringerAuto\/","article_published_time":"2017-01-02T13:30:34+00:00","article_modified_time":"2021-04-15T08:27:59+00:00","og_image":[{"url":"https:\/\/www.aringer-automobiltechnik.de\/wp-content\/uploads\/2019\/02\/2016-12-22-12.30.20-225x300.jpg","type":"","width":"","height":""}],"author":"Peter Aringer","twitter_card":"summary_large_image","twitter_misc":{"Verfasst von":"Peter Aringer","Gesch\u00e4tzte Lesezeit":"2\u00a0Minuten"},"schema":{"@context":"https:\/\/schema.org","@graph":[{"@type":"Article","@id":"https:\/\/www.aringer-automobiltechnik.de\/index.php\/2017\/01\/02\/der-bau-hat-begonnen\/#article","isPartOf":{"@id":"https:\/\/www.aringer-automobiltechnik.de\/index.php\/2017\/01\/02\/der-bau-hat-begonnen\/"},"author":{"name":"Peter Aringer","@id":"https:\/\/www.aringer-automobiltechnik.de\/#\/schema\/person\/86b881c30272f2f8f14a9b5a96028922"},"headline":"Der Flugzeug &#8211; Bau beginnt &#8222;Empennage &#8211; Kit&#8220;","datePublished":"2017-01-02T13:30:34+00:00","dateModified":"2021-04-15T08:27:59+00:00","mainEntityOfPage":{"@id":"https:\/\/www.aringer-automobiltechnik.de\/index.php\/2017\/01\/02\/der-bau-hat-begonnen\/"},"wordCount":505,"image":{"@id":"https:\/\/www.aringer-automobiltechnik.de\/index.php\/2017\/01\/02\/der-bau-hat-begonnen\/#primaryimage"},"thumbnailUrl":"https:\/\/www.aringer-automobiltechnik.de\/wp-content\/uploads\/2019\/02\/2016-12-22-12.30.20-225x300.jpg","keywords":["Aringer Automobiltechnik","Peter Aringer","Peter\u02cbs RV-10","RV-10","Sportflugzeug","Van\u02cbs Aircraft"],"articleSection":["Empennage"],"inLanguage":"de"},{"@type":"WebPage","@id":"https:\/\/www.aringer-automobiltechnik.de\/index.php\/2017\/01\/02\/der-bau-hat-begonnen\/","url":"https:\/\/www.aringer-automobiltechnik.de\/index.php\/2017\/01\/02\/der-bau-hat-begonnen\/","name":"Der Flugzeug - Bau beginnt \"Empennage - Kit\" &#8226; Aringer Automobiltechnik","isPartOf":{"@id":"https:\/\/www.aringer-automobiltechnik.de\/#website"},"primaryImageOfPage":{"@id":"https:\/\/www.aringer-automobiltechnik.de\/index.php\/2017\/01\/02\/der-bau-hat-begonnen\/#primaryimage"},"image":{"@id":"https:\/\/www.aringer-automobiltechnik.de\/index.php\/2017\/01\/02\/der-bau-hat-begonnen\/#primaryimage"},"thumbnailUrl":"https:\/\/www.aringer-automobiltechnik.de\/wp-content\/uploads\/2019\/02\/2016-12-22-12.30.20-225x300.jpg","datePublished":"2017-01-02T13:30:34+00:00","dateModified":"2021-04-15T08:27:59+00:00","author":{"@id":"https:\/\/www.aringer-automobiltechnik.de\/#\/schema\/person\/86b881c30272f2f8f14a9b5a96028922"},"description":"RV-10, Peter Aringer, Van\u00b4s Aircraft, Aringer Automobiltechnik, Der Bau hat begonnen, Sportflugzeug, Experimentalflugzeug, Empennage-Kit, Baudokumentation","breadcrumb":{"@id":"https:\/\/www.aringer-automobiltechnik.de\/index.php\/2017\/01\/02\/der-bau-hat-begonnen\/#breadcrumb"},"inLanguage":"de","potentialAction":[{"@type":"ReadAction","target":["https:\/\/www.aringer-automobiltechnik.de\/index.php\/2017\/01\/02\/der-bau-hat-begonnen\/"]}]},{"@type":"ImageObject","inLanguage":"de","@id":"https:\/\/www.aringer-automobiltechnik.de\/index.php\/2017\/01\/02\/der-bau-hat-begonnen\/#primaryimage","url":"https:\/\/i0.wp.com\/www.aringer-automobiltechnik.de\/wp-content\/uploads\/2019\/02\/2016-12-22-12.30.20.jpg?fit=450%2C600&ssl=1","contentUrl":"https:\/\/i0.wp.com\/www.aringer-automobiltechnik.de\/wp-content\/uploads\/2019\/02\/2016-12-22-12.30.20.jpg?fit=450%2C600&ssl=1","width":450,"height":600,"caption":"Spedition LKW mit Empennage Kit"},{"@type":"BreadcrumbList","@id":"https:\/\/www.aringer-automobiltechnik.de\/index.php\/2017\/01\/02\/der-bau-hat-begonnen\/#breadcrumb","itemListElement":[{"@type":"ListItem","position":1,"name":"Home","item":"https:\/\/www.aringer-automobiltechnik.de\/"},{"@type":"ListItem","position":2,"name":"Der Flugzeug &#8211; Bau beginnt &#8222;Empennage &#8211; Kit&#8220;"}]},{"@type":"WebSite","@id":"https:\/\/www.aringer-automobiltechnik.de\/#website","url":"https:\/\/www.aringer-automobiltechnik.de\/","name":"Aringer Automobiltechnik","description":"Die Autowerkstatt in Herford | NRW","potentialAction":[{"@type":"SearchAction","target":{"@type":"EntryPoint","urlTemplate":"https:\/\/www.aringer-automobiltechnik.de\/?s={search_term_string}"},"query-input":{"@type":"PropertyValueSpecification","valueRequired":true,"valueName":"search_term_string"}}],"inLanguage":"de"},{"@type":"Person","@id":"https:\/\/www.aringer-automobiltechnik.de\/#\/schema\/person\/86b881c30272f2f8f14a9b5a96028922","name":"Peter Aringer","image":{"@type":"ImageObject","inLanguage":"de","@id":"https:\/\/secure.gravatar.com\/avatar\/72aedd67628ceb311bb047c4f30725ab2b25b443e0e42f12868a95170e5578e2?s=96&d=mm&r=g","url":"https:\/\/secure.gravatar.com\/avatar\/72aedd67628ceb311bb047c4f30725ab2b25b443e0e42f12868a95170e5578e2?s=96&d=mm&r=g","contentUrl":"https:\/\/secure.gravatar.com\/avatar\/72aedd67628ceb311bb047c4f30725ab2b25b443e0e42f12868a95170e5578e2?s=96&d=mm&r=g","caption":"Peter Aringer"},"url":"https:\/\/www.aringer-automobiltechnik.de\/index.php\/author\/addimini\/"}]}},"jetpack_featured_media_url":"","jetpack_sharing_enabled":true,"_links":{"self":[{"href":"https:\/\/www.aringer-automobiltechnik.de\/index.php\/wp-json\/wp\/v2\/posts\/775","targetHints":{"allow":["GET"]}}],"collection":[{"href":"https:\/\/www.aringer-automobiltechnik.de\/index.php\/wp-json\/wp\/v2\/posts"}],"about":[{"href":"https:\/\/www.aringer-automobiltechnik.de\/index.php\/wp-json\/wp\/v2\/types\/post"}],"author":[{"embeddable":true,"href":"https:\/\/www.aringer-automobiltechnik.de\/index.php\/wp-json\/wp\/v2\/users\/1003"}],"replies":[{"embeddable":true,"href":"https:\/\/www.aringer-automobiltechnik.de\/index.php\/wp-json\/wp\/v2\/comments?post=775"}],"version-history":[{"count":30,"href":"https:\/\/www.aringer-automobiltechnik.de\/index.php\/wp-json\/wp\/v2\/posts\/775\/revisions"}],"predecessor-version":[{"id":1361,"href":"https:\/\/www.aringer-automobiltechnik.de\/index.php\/wp-json\/wp\/v2\/posts\/775\/revisions\/1361"}],"wp:attachment":[{"href":"https:\/\/www.aringer-automobiltechnik.de\/index.php\/wp-json\/wp\/v2\/media?parent=775"}],"wp:term":[{"taxonomy":"category","embeddable":true,"href":"https:\/\/www.aringer-automobiltechnik.de\/index.php\/wp-json\/wp\/v2\/categories?post=775"},{"taxonomy":"post_tag","embeddable":true,"href":"https:\/\/www.aringer-automobiltechnik.de\/index.php\/wp-json\/wp\/v2\/tags?post=775"}],"curies":[{"name":"wp","href":"https:\/\/api.w.org\/{rel}","templated":true}]}}